{"id":24963,"date":"2020-03-10T22:45:10","date_gmt":"2020-03-10T22:45:10","guid":{"rendered":"https:\/\/travel-network.co\/?p=24963"},"modified":"2020-03-10T22:45:18","modified_gmt":"2020-03-10T22:45:18","slug":"defiles-de-la-saint-patrick-annules-en-raison-du-coronavirus","status":"publish","type":"post","link":"https:\/\/travel-network.co\/fr\/defiles-de-la-saint-patrick-annules-en-raison-du-coronavirus\/","title":{"rendered":"D\u00e9fil\u00e9s de la Saint-Patrick annul\u00e9s en raison du Coronavirus"},"content":{"rendered":"\n<p>\n\nIl semble que les d\u00e9fil\u00e9s de la Saint-Patrick \u00e0 travers l\u2019Irlande du Nord et la R\u00e9publique d\u2019Irlande n\u2019iront pas de l\u2019avant. Lundi 9 mars 2020, le Taoiseach (Pm irlandais) M. Leo Varadkar a d\u00e9cid\u00e9, avec le soutien du conseil d\u2019administration et de la direction du Festival Saint-Patrick, d\u2019annuler tous les d\u00e9fil\u00e9s de la Saint-Patrick en Irlande. Plus tard dans la journ\u00e9e, le conseil municipal de Belfast a d\u00e9cid\u00e9 de suivre son exemple et d\u2019annuler le d\u00e9fil\u00e9 officiel de la ville. Le d\u00e9fil\u00e9 de Dublin est le plus grand au monde avec environ 500 000 personnes pr\u00e9sentes en 2019, mais il y a aussi des centaines de plus petits d\u00e9fil\u00e9s organis\u00e9s dans le monde entier.<\/p>\n\n\n\n<p>Il n\u2019y aura donc pas de d\u00e9fil\u00e9 de la Saint-Patrick \u00e0 Belfast ou Dublin cette ann\u00e9e.<\/p>\n\n\n\n<p>Ces d\u00e9cisions ont \u00e9t\u00e9 prises sur les conseils des responsables de la sant\u00e9 pour ralentir la propagation du coronavirus. Cependant, il semble qu\u2019il y aura environ 100 \u00e9v\u00e9nements de petite et moyenne taille \u00e0 travers l\u2019Irlande c\u00e9l\u00e9brant la Saint-Patrick qui se d\u00e9roule du 13 au 17 mars 2020, vous pouvez visiter&nbsp;<a href=\"https:\/\/ssl.microsofttranslator.com\/bv.aspx?ref=TVert&amp;from=&amp;to=fr&amp;a=http%3A%2F%2Fwww.stpatricksfestival.ie%2F\" target=\"_blank\" rel=\"noreferrer noopener\">http:\/\/www.stpatricksfestival.ie\/<\/a>&nbsp;pour obtenir une vue d\u2019ensemble des activit\u00e9s qui se d\u00e9roulent.<\/p>\n\n\n\n<p>Les \u00e9v\u00e9nements suivants de 2020 ont \u00e9t\u00e9 confirm\u00e9s comme annul\u00e9s<\/p>\n\n\n\n<ul class=\"wp-block-list\"><li>17 mars : National St. Patrick\u2019s Festival Parade, Dublin<\/li><li>14-17 mars : Village des festivals, Merrion Square, Dublin<\/li><li>15 mars: Chasse au tr\u00e9sor, Dublin<\/li><li>15 mars: 5K Road Race, Dublin<\/li><li>15 mars: Pageant on the Plaza, Ballymun, Dublin<\/li><li>17 mars C\u00e9il\u00f4 M\u00e2r, Merrion Square, Dublin<\/li><\/ul>\n\n\n\n<p><\/p>\n","protected":false},"excerpt":{"rendered":"<p>Il semble que les d\u00e9fil\u00e9s de la Saint-Patrick \u00e0 travers l\u2019Irlande du Nord et la R\u00e9publique d\u2019Irlande n\u2019iront pas de [&hellip;]<\/p>\n","protected":false},"author":2,"featured_media":24934,"comment_status":"open","ping_status":"closed","sticky":false,"template":"","format":"standard","meta":{"footnotes":""},"categories":[768],"tags":[],"class_list":["post-24963","post","type-post","status-publish","format-standard","has-post-thumbnail","hentry","category-nouvelles-voyage"],"yoast_head":"<!-- This site is optimized with the Yoast SEO plugin v27.4 - https:\/\/yoast.com\/product\/yoast-seo-wordpress\/ -->\n<title>D\u00e9fil\u00e9s de la Saint-Patrick annul\u00e9s en raison du Coronavirus - Travel Network<\/title>\n<meta name=\"robots\" content=\"index, follow, max-snippet:-1, max-image-preview:large, max-video-preview:-1\" \/>\n<link rel=\"canonical\" href=\"https:\/\/travel-network.co\/fr\/defiles-de-la-saint-patrick-annules-en-raison-du-coronavirus\/\" \/>\n<meta property=\"og:locale\" content=\"fr_FR\" \/>\n<meta property=\"og:type\" content=\"article\" \/>\n<meta property=\"og:title\" content=\"D\u00e9fil\u00e9s de la Saint-Patrick annul\u00e9s en raison du Coronavirus - Travel Network\" \/>\n<meta property=\"og:description\" content=\"Il semble que les d\u00e9fil\u00e9s de la Saint-Patrick \u00e0 travers l\u2019Irlande du Nord et la R\u00e9publique d\u2019Irlande n\u2019iront pas de [&hellip;]\" \/>\n<meta property=\"og:url\" content=\"https:\/\/travel-network.co\/fr\/defiles-de-la-saint-patrick-annules-en-raison-du-coronavirus\/\" \/>\n<meta property=\"og:site_name\" content=\"Travel Network\" \/>\n<meta property=\"article:publisher\" content=\"http:\/\/facebook.com\/travel.au\" \/>\n<meta property=\"article:author\" content=\"https:\/\/www.facebook.com\/DavidIwanow\/\" \/>\n<meta property=\"article:published_time\" content=\"2020-03-10T22:45:10+00:00\" \/>\n<meta property=\"article:modified_time\" content=\"2020-03-10T22:45:18+00:00\" \/>\n<meta property=\"og:image\" content=\"https:\/\/travel-network.co\/wp-content\/uploads\/2020\/03\/st-patricks-day-festival-cancelled.jpg\" \/>\n\t<meta property=\"og:image:width\" content=\"1350\" \/>\n\t<meta property=\"og:image:height\" content=\"1000\" \/>\n\t<meta property=\"og:image:type\" content=\"image\/jpeg\" \/>\n<meta name=\"author\" content=\"David Iwanow\" \/>\n<meta name=\"twitter:card\" content=\"summary_large_image\" \/>\n<meta name=\"twitter:creator\" content=\"@davidiwanow\" \/>\n<meta name=\"twitter:site\" content=\"@travelnetworkau\" \/>\n<meta name=\"twitter:label1\" content=\"\u00c9crit par\" \/>\n\t<meta name=\"twitter:data1\" content=\"David Iwanow\" \/>\n\t<meta name=\"twitter:label2\" content=\"Dur\u00e9e de lecture estim\u00e9e\" \/>\n\t<meta name=\"twitter:data2\" content=\"1 minute\" \/>\n<script type=\"application\/ld+json\" class=\"yoast-schema-graph\">{\"@context\":\"https:\\\/\\\/schema.org\",\"@graph\":[{\"@type\":\"Article\",\"@id\":\"https:\\\/\\\/travel-network.co\\\/fr\\\/defiles-de-la-saint-patrick-annules-en-raison-du-coronavirus\\\/#article\",\"isPartOf\":{\"@id\":\"https:\\\/\\\/travel-network.co\\\/fr\\\/defiles-de-la-saint-patrick-annules-en-raison-du-coronavirus\\\/\"},\"author\":{\"name\":\"David Iwanow\",\"@id\":\"https:\\\/\\\/travel-network.co\\\/fr\\\/#\\\/schema\\\/person\\\/19551c51a6c33c56e5d2a100d3616edd\"},\"headline\":\"D\u00e9fil\u00e9s de la Saint-Patrick annul\u00e9s en raison du Coronavirus\",\"datePublished\":\"2020-03-10T22:45:10+00:00\",\"dateModified\":\"2020-03-10T22:45:18+00:00\",\"mainEntityOfPage\":{\"@id\":\"https:\\\/\\\/travel-network.co\\\/fr\\\/defiles-de-la-saint-patrick-annules-en-raison-du-coronavirus\\\/\"},\"wordCount\":285,\"commentCount\":0,\"publisher\":{\"@id\":\"https:\\\/\\\/travel-network.co\\\/fr\\\/#organization\"},\"image\":{\"@id\":\"https:\\\/\\\/travel-network.co\\\/fr\\\/defiles-de-la-saint-patrick-annules-en-raison-du-coronavirus\\\/#primaryimage\"},\"thumbnailUrl\":\"https:\\\/\\\/travel-network.co\\\/wp-content\\\/uploads\\\/2020\\\/03\\\/st-patricks-day-festival-cancelled.jpg\",\"articleSection\":[\"Nouvelles voyage\"],\"inLanguage\":\"fr-FR\",\"potentialAction\":[{\"@type\":\"CommentAction\",\"name\":\"Comment\",\"target\":[\"https:\\\/\\\/travel-network.co\\\/fr\\\/defiles-de-la-saint-patrick-annules-en-raison-du-coronavirus\\\/#respond\"]}]},{\"@type\":\"WebPage\",\"@id\":\"https:\\\/\\\/travel-network.co\\\/fr\\\/defiles-de-la-saint-patrick-annules-en-raison-du-coronavirus\\\/\",\"url\":\"https:\\\/\\\/travel-network.co\\\/fr\\\/defiles-de-la-saint-patrick-annules-en-raison-du-coronavirus\\\/\",\"name\":\"D\u00e9fil\u00e9s de la Saint-Patrick annul\u00e9s en raison du Coronavirus - Travel Network\",\"isPartOf\":{\"@id\":\"https:\\\/\\\/travel-network.co\\\/fr\\\/#website\"},\"primaryImageOfPage\":{\"@id\":\"https:\\\/\\\/travel-network.co\\\/fr\\\/defiles-de-la-saint-patrick-annules-en-raison-du-coronavirus\\\/#primaryimage\"},\"image\":{\"@id\":\"https:\\\/\\\/travel-network.co\\\/fr\\\/defiles-de-la-saint-patrick-annules-en-raison-du-coronavirus\\\/#primaryimage\"},\"thumbnailUrl\":\"https:\\\/\\\/travel-network.co\\\/wp-content\\\/uploads\\\/2020\\\/03\\\/st-patricks-day-festival-cancelled.jpg\",\"datePublished\":\"2020-03-10T22:45:10+00:00\",\"dateModified\":\"2020-03-10T22:45:18+00:00\",\"breadcrumb\":{\"@id\":\"https:\\\/\\\/travel-network.co\\\/fr\\\/defiles-de-la-saint-patrick-annules-en-raison-du-coronavirus\\\/#breadcrumb\"},\"inLanguage\":\"fr-FR\",\"potentialAction\":[{\"@type\":\"ReadAction\",\"target\":[\"https:\\\/\\\/travel-network.co\\\/fr\\\/defiles-de-la-saint-patrick-annules-en-raison-du-coronavirus\\\/\"]}]},{\"@type\":\"ImageObject\",\"inLanguage\":\"fr-FR\",\"@id\":\"https:\\\/\\\/travel-network.co\\\/fr\\\/defiles-de-la-saint-patrick-annules-en-raison-du-coronavirus\\\/#primaryimage\",\"url\":\"https:\\\/\\\/travel-network.co\\\/wp-content\\\/uploads\\\/2020\\\/03\\\/st-patricks-day-festival-cancelled.jpg\",\"contentUrl\":\"https:\\\/\\\/travel-network.co\\\/wp-content\\\/uploads\\\/2020\\\/03\\\/st-patricks-day-festival-cancelled.jpg\",\"width\":1350,\"height\":1000,\"caption\":\"St Patrick's Day 2020 cancelled\"},{\"@type\":\"BreadcrumbList\",\"@id\":\"https:\\\/\\\/travel-network.co\\\/fr\\\/defiles-de-la-saint-patrick-annules-en-raison-du-coronavirus\\\/#breadcrumb\",\"itemListElement\":[{\"@type\":\"ListItem\",\"position\":1,\"name\":\"Home\",\"item\":\"https:\\\/\\\/travel-network.co\\\/fr\\\/\"},{\"@type\":\"ListItem\",\"position\":2,\"name\":\"D\u00e9fil\u00e9s de la Saint-Patrick annul\u00e9s en raison du Coronavirus\"}]},{\"@type\":\"WebSite\",\"@id\":\"https:\\\/\\\/travel-network.co\\\/fr\\\/#website\",\"url\":\"https:\\\/\\\/travel-network.co\\\/fr\\\/\",\"name\":\"Travel Network\",\"description\":\"Travel advice, reviews, news and deals no matter if you are travelling by Land, Water or Air\",\"publisher\":{\"@id\":\"https:\\\/\\\/travel-network.co\\\/fr\\\/#organization\"},\"potentialAction\":[{\"@type\":\"SearchAction\",\"target\":{\"@type\":\"EntryPoint\",\"urlTemplate\":\"https:\\\/\\\/travel-network.co\\\/fr\\\/?s={search_term_string}\"},\"query-input\":{\"@type\":\"PropertyValueSpecification\",\"valueRequired\":true,\"valueName\":\"search_term_string\"}}],\"inLanguage\":\"fr-FR\"},{\"@type\":\"Organization\",\"@id\":\"https:\\\/\\\/travel-network.co\\\/fr\\\/#organization\",\"name\":\"Travel Network\",\"url\":\"https:\\\/\\\/travel-network.co\\\/fr\\\/\",\"logo\":{\"@type\":\"ImageObject\",\"inLanguage\":\"fr-FR\",\"@id\":\"https:\\\/\\\/travel-network.co\\\/fr\\\/#\\\/schema\\\/logo\\\/image\\\/\",\"url\":\"https:\\\/\\\/travel-network.co\\\/wp-content\\\/uploads\\\/2015\\\/03\\\/google-logo.gif\",\"contentUrl\":\"https:\\\/\\\/travel-network.co\\\/wp-content\\\/uploads\\\/2015\\\/03\\\/google-logo.gif\",\"width\":500,\"height\":500,\"caption\":\"Travel Network\"},\"image\":{\"@id\":\"https:\\\/\\\/travel-network.co\\\/fr\\\/#\\\/schema\\\/logo\\\/image\\\/\"},\"sameAs\":[\"http:\\\/\\\/facebook.com\\\/travel.au\",\"https:\\\/\\\/x.com\\\/travelnetworkau\",\"https:\\\/\\\/instagram.com\\\/travelnetworkau\\\/\",\"https:\\\/\\\/www.linkedin.com\\\/company\\\/3374753\",\"https:\\\/\\\/www.pinterest.com\\\/travelnetwork\\\/\",\"http:\\\/\\\/www.youtube.com\\\/user\\\/TravelNetworkAUS\"]},{\"@type\":\"Person\",\"@id\":\"https:\\\/\\\/travel-network.co\\\/fr\\\/#\\\/schema\\\/person\\\/19551c51a6c33c56e5d2a100d3616edd\",\"name\":\"David Iwanow\",\"image\":{\"@type\":\"ImageObject\",\"inLanguage\":\"fr-FR\",\"@id\":\"https:\\\/\\\/secure.gravatar.com\\\/avatar\\\/f38ec72b6d7d4614887011c30f0781b8f520d7b8bd0d366318bd201dc529027b?s=96&d=retro&r=g\",\"url\":\"https:\\\/\\\/secure.gravatar.com\\\/avatar\\\/f38ec72b6d7d4614887011c30f0781b8f520d7b8bd0d366318bd201dc529027b?s=96&d=retro&r=g\",\"contentUrl\":\"https:\\\/\\\/secure.gravatar.com\\\/avatar\\\/f38ec72b6d7d4614887011c30f0781b8f520d7b8bd0d366318bd201dc529027b?s=96&d=retro&r=g\",\"caption\":\"David Iwanow\"},\"description\":\"I have been travelling around the world since I was young and travel is in my blood. I've travelled to almost 40 countries around the world and can now be found based in Amsterdam, The Netherlands. I've visited over 8,100 places with 16,236 checkins on Foursquare\\\/Swarm and I'm a level 10 Google Local Guide with 911 reviews and having posted 18,571 photos which have been viewed 195 million times.\",\"sameAs\":[\"https:\\\/\\\/www.facebook.com\\\/DavidIwanow\\\/\",\"https:\\\/\\\/x.com\\\/davidiwanow\"],\"url\":\"https:\\\/\\\/travel-network.co\\\/fr\\\/author\\\/travelnetco\\\/\"}]}<\/script>\n<!-- \/ Yoast SEO plugin. -->","yoast_head_json":{"title":"D\u00e9fil\u00e9s de la Saint-Patrick annul\u00e9s en raison du Coronavirus - Travel Network","robots":{"index":"index","follow":"follow","max-snippet":"max-snippet:-1","max-image-preview":"max-image-preview:large","max-video-preview":"max-video-preview:-1"},"canonical":"https:\/\/travel-network.co\/fr\/defiles-de-la-saint-patrick-annules-en-raison-du-coronavirus\/","og_locale":"fr_FR","og_type":"article","og_title":"D\u00e9fil\u00e9s de la Saint-Patrick annul\u00e9s en raison du Coronavirus - Travel Network","og_description":"Il semble que les d\u00e9fil\u00e9s de la Saint-Patrick \u00e0 travers l\u2019Irlande du Nord et la R\u00e9publique d\u2019Irlande n\u2019iront pas de [&hellip;]","og_url":"https:\/\/travel-network.co\/fr\/defiles-de-la-saint-patrick-annules-en-raison-du-coronavirus\/","og_site_name":"Travel Network","article_publisher":"http:\/\/facebook.com\/travel.au","article_author":"https:\/\/www.facebook.com\/DavidIwanow\/","article_published_time":"2020-03-10T22:45:10+00:00","article_modified_time":"2020-03-10T22:45:18+00:00","og_image":[{"width":1350,"height":1000,"url":"https:\/\/travel-network.co\/wp-content\/uploads\/2020\/03\/st-patricks-day-festival-cancelled.jpg","type":"image\/jpeg"}],"author":"David Iwanow","twitter_card":"summary_large_image","twitter_creator":"@davidiwanow","twitter_site":"@travelnetworkau","twitter_misc":{"\u00c9crit par":"David Iwanow","Dur\u00e9e de lecture estim\u00e9e":"1 minute"},"schema":{"@context":"https:\/\/schema.org","@graph":[{"@type":"Article","@id":"https:\/\/travel-network.co\/fr\/defiles-de-la-saint-patrick-annules-en-raison-du-coronavirus\/#article","isPartOf":{"@id":"https:\/\/travel-network.co\/fr\/defiles-de-la-saint-patrick-annules-en-raison-du-coronavirus\/"},"author":{"name":"David Iwanow","@id":"https:\/\/travel-network.co\/fr\/#\/schema\/person\/19551c51a6c33c56e5d2a100d3616edd"},"headline":"D\u00e9fil\u00e9s de la Saint-Patrick annul\u00e9s en raison du Coronavirus","datePublished":"2020-03-10T22:45:10+00:00","dateModified":"2020-03-10T22:45:18+00:00","mainEntityOfPage":{"@id":"https:\/\/travel-network.co\/fr\/defiles-de-la-saint-patrick-annules-en-raison-du-coronavirus\/"},"wordCount":285,"commentCount":0,"publisher":{"@id":"https:\/\/travel-network.co\/fr\/#organization"},"image":{"@id":"https:\/\/travel-network.co\/fr\/defiles-de-la-saint-patrick-annules-en-raison-du-coronavirus\/#primaryimage"},"thumbnailUrl":"https:\/\/travel-network.co\/wp-content\/uploads\/2020\/03\/st-patricks-day-festival-cancelled.jpg","articleSection":["Nouvelles voyage"],"inLanguage":"fr-FR","potentialAction":[{"@type":"CommentAction","name":"Comment","target":["https:\/\/travel-network.co\/fr\/defiles-de-la-saint-patrick-annules-en-raison-du-coronavirus\/#respond"]}]},{"@type":"WebPage","@id":"https:\/\/travel-network.co\/fr\/defiles-de-la-saint-patrick-annules-en-raison-du-coronavirus\/","url":"https:\/\/travel-network.co\/fr\/defiles-de-la-saint-patrick-annules-en-raison-du-coronavirus\/","name":"D\u00e9fil\u00e9s de la Saint-Patrick annul\u00e9s en raison du Coronavirus - Travel Network","isPartOf":{"@id":"https:\/\/travel-network.co\/fr\/#website"},"primaryImageOfPage":{"@id":"https:\/\/travel-network.co\/fr\/defiles-de-la-saint-patrick-annules-en-raison-du-coronavirus\/#primaryimage"},"image":{"@id":"https:\/\/travel-network.co\/fr\/defiles-de-la-saint-patrick-annules-en-raison-du-coronavirus\/#primaryimage"},"thumbnailUrl":"https:\/\/travel-network.co\/wp-content\/uploads\/2020\/03\/st-patricks-day-festival-cancelled.jpg","datePublished":"2020-03-10T22:45:10+00:00","dateModified":"2020-03-10T22:45:18+00:00","breadcrumb":{"@id":"https:\/\/travel-network.co\/fr\/defiles-de-la-saint-patrick-annules-en-raison-du-coronavirus\/#breadcrumb"},"inLanguage":"fr-FR","potentialAction":[{"@type":"ReadAction","target":["https:\/\/travel-network.co\/fr\/defiles-de-la-saint-patrick-annules-en-raison-du-coronavirus\/"]}]},{"@type":"ImageObject","inLanguage":"fr-FR","@id":"https:\/\/travel-network.co\/fr\/defiles-de-la-saint-patrick-annules-en-raison-du-coronavirus\/#primaryimage","url":"https:\/\/travel-network.co\/wp-content\/uploads\/2020\/03\/st-patricks-day-festival-cancelled.jpg","contentUrl":"https:\/\/travel-network.co\/wp-content\/uploads\/2020\/03\/st-patricks-day-festival-cancelled.jpg","width":1350,"height":1000,"caption":"St Patrick's Day 2020 cancelled"},{"@type":"BreadcrumbList","@id":"https:\/\/travel-network.co\/fr\/defiles-de-la-saint-patrick-annules-en-raison-du-coronavirus\/#breadcrumb","itemListElement":[{"@type":"ListItem","position":1,"name":"Home","item":"https:\/\/travel-network.co\/fr\/"},{"@type":"ListItem","position":2,"name":"D\u00e9fil\u00e9s de la Saint-Patrick annul\u00e9s en raison du Coronavirus"}]},{"@type":"WebSite","@id":"https:\/\/travel-network.co\/fr\/#website","url":"https:\/\/travel-network.co\/fr\/","name":"Travel Network","description":"Travel advice, reviews, news and deals no matter if you are travelling by Land, Water or Air","publisher":{"@id":"https:\/\/travel-network.co\/fr\/#organization"},"potentialAction":[{"@type":"SearchAction","target":{"@type":"EntryPoint","urlTemplate":"https:\/\/travel-network.co\/fr\/?s={search_term_string}"},"query-input":{"@type":"PropertyValueSpecification","valueRequired":true,"valueName":"search_term_string"}}],"inLanguage":"fr-FR"},{"@type":"Organization","@id":"https:\/\/travel-network.co\/fr\/#organization","name":"Travel Network","url":"https:\/\/travel-network.co\/fr\/","logo":{"@type":"ImageObject","inLanguage":"fr-FR","@id":"https:\/\/travel-network.co\/fr\/#\/schema\/logo\/image\/","url":"https:\/\/travel-network.co\/wp-content\/uploads\/2015\/03\/google-logo.gif","contentUrl":"https:\/\/travel-network.co\/wp-content\/uploads\/2015\/03\/google-logo.gif","width":500,"height":500,"caption":"Travel Network"},"image":{"@id":"https:\/\/travel-network.co\/fr\/#\/schema\/logo\/image\/"},"sameAs":["http:\/\/facebook.com\/travel.au","https:\/\/x.com\/travelnetworkau","https:\/\/instagram.com\/travelnetworkau\/","https:\/\/www.linkedin.com\/company\/3374753","https:\/\/www.pinterest.com\/travelnetwork\/","http:\/\/www.youtube.com\/user\/TravelNetworkAUS"]},{"@type":"Person","@id":"https:\/\/travel-network.co\/fr\/#\/schema\/person\/19551c51a6c33c56e5d2a100d3616edd","name":"David Iwanow","image":{"@type":"ImageObject","inLanguage":"fr-FR","@id":"https:\/\/secure.gravatar.com\/avatar\/f38ec72b6d7d4614887011c30f0781b8f520d7b8bd0d366318bd201dc529027b?s=96&d=retro&r=g","url":"https:\/\/secure.gravatar.com\/avatar\/f38ec72b6d7d4614887011c30f0781b8f520d7b8bd0d366318bd201dc529027b?s=96&d=retro&r=g","contentUrl":"https:\/\/secure.gravatar.com\/avatar\/f38ec72b6d7d4614887011c30f0781b8f520d7b8bd0d366318bd201dc529027b?s=96&d=retro&r=g","caption":"David Iwanow"},"description":"I have been travelling around the world since I was young and travel is in my blood. I've travelled to almost 40 countries around the world and can now be found based in Amsterdam, The Netherlands. I've visited over 8,100 places with 16,236 checkins on Foursquare\/Swarm and I'm a level 10 Google Local Guide with 911 reviews and having posted 18,571 photos which have been viewed 195 million times.","sameAs":["https:\/\/www.facebook.com\/DavidIwanow\/","https:\/\/x.com\/davidiwanow"],"url":"https:\/\/travel-network.co\/fr\/author\/travelnetco\/"}]}},"_links":{"self":[{"href":"https:\/\/travel-network.co\/fr\/wp-json\/wp\/v2\/posts\/24963","targetHints":{"allow":["GET"]}}],"collection":[{"href":"https:\/\/travel-network.co\/fr\/wp-json\/wp\/v2\/posts"}],"about":[{"href":"https:\/\/travel-network.co\/fr\/wp-json\/wp\/v2\/types\/post"}],"author":[{"embeddable":true,"href":"https:\/\/travel-network.co\/fr\/wp-json\/wp\/v2\/users\/2"}],"replies":[{"embeddable":true,"href":"https:\/\/travel-network.co\/fr\/wp-json\/wp\/v2\/comments?post=24963"}],"version-history":[{"count":0,"href":"https:\/\/travel-network.co\/fr\/wp-json\/wp\/v2\/posts\/24963\/revisions"}],"wp:featuredmedia":[{"embeddable":true,"href":"https:\/\/travel-network.co\/fr\/wp-json\/wp\/v2\/media\/24934"}],"wp:attachment":[{"href":"https:\/\/travel-network.co\/fr\/wp-json\/wp\/v2\/media?parent=24963"}],"wp:term":[{"taxonomy":"category","embeddable":true,"href":"https:\/\/travel-network.co\/fr\/wp-json\/wp\/v2\/categories?post=24963"},{"taxonomy":"post_tag","embeddable":true,"href":"https:\/\/travel-network.co\/fr\/wp-json\/wp\/v2\/tags?post=24963"}],"curies":[{"name":"wp","href":"https:\/\/api.w.org\/{rel}","templated":true}]}}