{"id":24969,"date":"2020-03-10T22:48:01","date_gmt":"2020-03-10T22:48:01","guid":{"rendered":"https:\/\/travel-network.co\/?p=24969"},"modified":"2020-03-10T22:48:37","modified_gmt":"2020-03-10T22:48:37","slug":"parady-z-okazji-dnia-swietego-patryka-odwolane-z-powodu-coronavirus","status":"publish","type":"post","link":"https:\/\/travel-network.co\/pl\/parady-z-okazji-dnia-swietego-patryka-odwolane-z-powodu-coronavirus\/","title":{"rendered":"Parady Z okazji Dnia \u015awi\u0119tego Patryka odwo\u0142ane z powodu coronavirus"},"content":{"rendered":"\n<p>\n\nWydaje si\u0119, St Patrick&#8217;s Day parady zar\u00f3wno w Irlandii P\u00f3\u0142nocnej i Republice Irlandii nie b\u0119dzie i\u015b\u0107 do przodu. W poniedzia\u0142ek, 9 marca 2020 r., Taoiseach (irlandzki PM) Leo Varadkar podj\u0105\u0142 decyzj\u0119, przy wsparciu zarz\u0105du i zarz\u0105du St Patrick&#8217;s Festival, o odwo\u0142aniu wszystkich parad z okazji Dnia \u015awi\u0119tego Patryka w Irlandii. P\u00f3\u017aniej tego samego dnia Rada Miasta Belfast postanowi\u0142a p\u00f3j\u015b\u0107 za ich przyk\u0142adem i odwo\u0142a\u0107 oficjaln\u0105 parad\u0119 miasta. Parada w Dublinie jest najwi\u0119ksz\u0105 na \u015bwiecie, w kt\u00f3rych w 2019 r. we\u017amie udzia\u0142 oko\u0142o 500 000 os\u00f3b, ale na ca\u0142ym \u015bwiecie odbywaj\u0105 si\u0119 setki mniejszych parad.<\/p>\n\n\n\n<p>Wi\u0119c nie b\u0119dzie parady Dzie\u0144 \u015awi\u0119tego Patryka w Belfa\u015bcie i Dublinie w tym roku.<\/p>\n\n\n\n<p>Decyzje te zosta\u0142y podj\u0119te za rad\u0105 urz\u0119dnik\u00f3w s\u0142u\u017cby zdrowia, aby spowolni\u0107 rozprzestrzenianie si\u0119 koronawirusa. Wydaje si\u0119 jednak, \u017ce w irlandii b\u0119dzie oko\u0142o 100 ma\u0142ych i \u015brednich imprez z okazji Dnia \u015awi\u0119tego Patryka, kt\u00f3re odb\u0119dzie si\u0119 w dniach 13-17 marca 2020 r., mo\u017cna odwiedzi\u0107&nbsp;<a href=\"https:\/\/ssl.microsofttranslator.com\/bv.aspx?ref=TVert&amp;from=&amp;to=pl&amp;a=http%3A%2F%2Fwww.stpatricksfestival.ie%2F%2C\" target=\"_blank\" rel=\"noreferrer noopener\">http:\/\/www.stpatricksfestival.ie\/,<\/a>&nbsp;aby uzyska\u0107 przegl\u0105d aktualizacji dzia\u0142a\u0144 odbywaj\u0105cych si\u0119.<\/p>\n\n\n\n<p>Nast\u0119puj\u0105ce wydarzenia w 2020 r. zosta\u0142y potwierdzone jako odwo\u0142ane<\/p>\n\n\n\n<ul class=\"wp-block-list\"><li>17 marca: National St. Patrick&#8217;s Festival Parade, Dublin<\/li><li>14-17 marca: Festival Village, Merrion Square, Dublin<\/li><li>15 marca: Treasure Hunt, Dublin<\/li><li>15 marca: 5K Road Race, Dublin<\/li><li>15 marca: Korow\u00f3d na Plaza, Ballymun, Dublin<\/li><li>17 marca C\u00e9il\u00ed M\u00f3r, Merrion Square, Dublin<\/li><\/ul>\n\n\n\n<p><\/p>\n","protected":false},"excerpt":{"rendered":"<p>Wydaje si\u0119, St Patrick&#8217;s Day parady zar\u00f3wno w Irlandii P\u00f3\u0142nocnej i Republice Irlandii nie b\u0119dzie i\u015b\u0107 do przodu. W poniedzia\u0142ek, [&hellip;]<\/p>\n","protected":false},"author":2,"featured_media":24945,"comment_status":"open","ping_status":"closed","sticky":false,"template":"","format":"standard","meta":{"footnotes":""},"categories":[776],"tags":[],"class_list":["post-24969","post","type-post","status-publish","format-standard","has-post-thumbnail","hentry","category-wiadomosci-o-podrozy"],"yoast_head":"<!-- This site is optimized with the Yoast SEO plugin v27.4 - https:\/\/yoast.com\/product\/yoast-seo-wordpress\/ -->\n<title>Parady Z okazji Dnia \u015awi\u0119tego Patryka odwo\u0142ane z powodu coronavirus - Travel Network<\/title>\n<meta name=\"robots\" content=\"index, follow, max-snippet:-1, max-image-preview:large, max-video-preview:-1\" \/>\n<link rel=\"canonical\" href=\"https:\/\/travel-network.co\/pl\/parady-z-okazji-dnia-swietego-patryka-odwolane-z-powodu-coronavirus\/\" \/>\n<meta property=\"og:locale\" content=\"pl_PL\" \/>\n<meta property=\"og:type\" content=\"article\" \/>\n<meta property=\"og:title\" content=\"Parady Z okazji Dnia \u015awi\u0119tego Patryka odwo\u0142ane z powodu coronavirus - Travel Network\" \/>\n<meta property=\"og:description\" content=\"Wydaje si\u0119, St Patrick&#8217;s Day parady zar\u00f3wno w Irlandii P\u00f3\u0142nocnej i Republice Irlandii nie b\u0119dzie i\u015b\u0107 do przodu. W poniedzia\u0142ek, [&hellip;]\" \/>\n<meta property=\"og:url\" content=\"https:\/\/travel-network.co\/pl\/parady-z-okazji-dnia-swietego-patryka-odwolane-z-powodu-coronavirus\/\" \/>\n<meta property=\"og:site_name\" content=\"Travel Network\" \/>\n<meta property=\"article:publisher\" content=\"http:\/\/facebook.com\/travel.au\" \/>\n<meta property=\"article:author\" content=\"https:\/\/www.facebook.com\/DavidIwanow\/\" \/>\n<meta property=\"article:published_time\" content=\"2020-03-10T22:48:01+00:00\" \/>\n<meta property=\"article:modified_time\" content=\"2020-03-10T22:48:37+00:00\" \/>\n<meta property=\"og:image\" content=\"https:\/\/travel-network.co\/wp-content\/uploads\/2020\/03\/st-patricks-day-festival-cancelled.jpg\" \/>\n\t<meta property=\"og:image:width\" content=\"1350\" \/>\n\t<meta property=\"og:image:height\" content=\"1000\" \/>\n\t<meta property=\"og:image:type\" content=\"image\/jpeg\" \/>\n<meta name=\"author\" content=\"David Iwanow\" \/>\n<meta name=\"twitter:card\" content=\"summary_large_image\" \/>\n<meta name=\"twitter:creator\" content=\"@davidiwanow\" \/>\n<meta name=\"twitter:site\" content=\"@travelnetworkau\" \/>\n<meta name=\"twitter:label1\" content=\"Napisane przez\" \/>\n\t<meta name=\"twitter:data1\" content=\"David Iwanow\" \/>\n\t<meta name=\"twitter:label2\" content=\"Szacowany czas czytania\" \/>\n\t<meta name=\"twitter:data2\" content=\"1 minuta\" \/>\n<script type=\"application\/ld+json\" class=\"yoast-schema-graph\">{\"@context\":\"https:\\\/\\\/schema.org\",\"@graph\":[{\"@type\":\"Article\",\"@id\":\"https:\\\/\\\/travel-network.co\\\/pl\\\/parady-z-okazji-dnia-swietego-patryka-odwolane-z-powodu-coronavirus\\\/#article\",\"isPartOf\":{\"@id\":\"https:\\\/\\\/travel-network.co\\\/pl\\\/parady-z-okazji-dnia-swietego-patryka-odwolane-z-powodu-coronavirus\\\/\"},\"author\":{\"name\":\"David Iwanow\",\"@id\":\"https:\\\/\\\/travel-network.co\\\/pl\\\/#\\\/schema\\\/person\\\/19551c51a6c33c56e5d2a100d3616edd\"},\"headline\":\"Parady Z okazji Dnia \u015awi\u0119tego Patryka odwo\u0142ane z powodu coronavirus\",\"datePublished\":\"2020-03-10T22:48:01+00:00\",\"dateModified\":\"2020-03-10T22:48:37+00:00\",\"mainEntityOfPage\":{\"@id\":\"https:\\\/\\\/travel-network.co\\\/pl\\\/parady-z-okazji-dnia-swietego-patryka-odwolane-z-powodu-coronavirus\\\/\"},\"wordCount\":258,\"commentCount\":0,\"publisher\":{\"@id\":\"https:\\\/\\\/travel-network.co\\\/pl\\\/#organization\"},\"image\":{\"@id\":\"https:\\\/\\\/travel-network.co\\\/pl\\\/parady-z-okazji-dnia-swietego-patryka-odwolane-z-powodu-coronavirus\\\/#primaryimage\"},\"thumbnailUrl\":\"https:\\\/\\\/travel-network.co\\\/wp-content\\\/uploads\\\/2020\\\/03\\\/st-patricks-day-festival-cancelled.jpg\",\"articleSection\":[\"wiadomo\u015bci o podr\u00f3\u017cy\"],\"inLanguage\":\"pl-PL\",\"potentialAction\":[{\"@type\":\"CommentAction\",\"name\":\"Comment\",\"target\":[\"https:\\\/\\\/travel-network.co\\\/pl\\\/parady-z-okazji-dnia-swietego-patryka-odwolane-z-powodu-coronavirus\\\/#respond\"]}]},{\"@type\":\"WebPage\",\"@id\":\"https:\\\/\\\/travel-network.co\\\/pl\\\/parady-z-okazji-dnia-swietego-patryka-odwolane-z-powodu-coronavirus\\\/\",\"url\":\"https:\\\/\\\/travel-network.co\\\/pl\\\/parady-z-okazji-dnia-swietego-patryka-odwolane-z-powodu-coronavirus\\\/\",\"name\":\"Parady Z okazji Dnia \u015awi\u0119tego Patryka odwo\u0142ane z powodu coronavirus - Travel Network\",\"isPartOf\":{\"@id\":\"https:\\\/\\\/travel-network.co\\\/pl\\\/#website\"},\"primaryImageOfPage\":{\"@id\":\"https:\\\/\\\/travel-network.co\\\/pl\\\/parady-z-okazji-dnia-swietego-patryka-odwolane-z-powodu-coronavirus\\\/#primaryimage\"},\"image\":{\"@id\":\"https:\\\/\\\/travel-network.co\\\/pl\\\/parady-z-okazji-dnia-swietego-patryka-odwolane-z-powodu-coronavirus\\\/#primaryimage\"},\"thumbnailUrl\":\"https:\\\/\\\/travel-network.co\\\/wp-content\\\/uploads\\\/2020\\\/03\\\/st-patricks-day-festival-cancelled.jpg\",\"datePublished\":\"2020-03-10T22:48:01+00:00\",\"dateModified\":\"2020-03-10T22:48:37+00:00\",\"breadcrumb\":{\"@id\":\"https:\\\/\\\/travel-network.co\\\/pl\\\/parady-z-okazji-dnia-swietego-patryka-odwolane-z-powodu-coronavirus\\\/#breadcrumb\"},\"inLanguage\":\"pl-PL\",\"potentialAction\":[{\"@type\":\"ReadAction\",\"target\":[\"https:\\\/\\\/travel-network.co\\\/pl\\\/parady-z-okazji-dnia-swietego-patryka-odwolane-z-powodu-coronavirus\\\/\"]}]},{\"@type\":\"ImageObject\",\"inLanguage\":\"pl-PL\",\"@id\":\"https:\\\/\\\/travel-network.co\\\/pl\\\/parady-z-okazji-dnia-swietego-patryka-odwolane-z-powodu-coronavirus\\\/#primaryimage\",\"url\":\"https:\\\/\\\/travel-network.co\\\/wp-content\\\/uploads\\\/2020\\\/03\\\/st-patricks-day-festival-cancelled.jpg\",\"contentUrl\":\"https:\\\/\\\/travel-network.co\\\/wp-content\\\/uploads\\\/2020\\\/03\\\/st-patricks-day-festival-cancelled.jpg\",\"width\":1350,\"height\":1000,\"caption\":\"St Patrick's Day 2020 cancelled\"},{\"@type\":\"BreadcrumbList\",\"@id\":\"https:\\\/\\\/travel-network.co\\\/pl\\\/parady-z-okazji-dnia-swietego-patryka-odwolane-z-powodu-coronavirus\\\/#breadcrumb\",\"itemListElement\":[{\"@type\":\"ListItem\",\"position\":1,\"name\":\"Home\",\"item\":\"https:\\\/\\\/travel-network.co\\\/pl\\\/\"},{\"@type\":\"ListItem\",\"position\":2,\"name\":\"Parady Z okazji Dnia \u015awi\u0119tego Patryka odwo\u0142ane z powodu coronavirus\"}]},{\"@type\":\"WebSite\",\"@id\":\"https:\\\/\\\/travel-network.co\\\/pl\\\/#website\",\"url\":\"https:\\\/\\\/travel-network.co\\\/pl\\\/\",\"name\":\"Travel Network\",\"description\":\"Travel advice, reviews, news and deals no matter if you are travelling by Land, Water or Air\",\"publisher\":{\"@id\":\"https:\\\/\\\/travel-network.co\\\/pl\\\/#organization\"},\"potentialAction\":[{\"@type\":\"SearchAction\",\"target\":{\"@type\":\"EntryPoint\",\"urlTemplate\":\"https:\\\/\\\/travel-network.co\\\/pl\\\/?s={search_term_string}\"},\"query-input\":{\"@type\":\"PropertyValueSpecification\",\"valueRequired\":true,\"valueName\":\"search_term_string\"}}],\"inLanguage\":\"pl-PL\"},{\"@type\":\"Organization\",\"@id\":\"https:\\\/\\\/travel-network.co\\\/pl\\\/#organization\",\"name\":\"Travel Network\",\"url\":\"https:\\\/\\\/travel-network.co\\\/pl\\\/\",\"logo\":{\"@type\":\"ImageObject\",\"inLanguage\":\"pl-PL\",\"@id\":\"https:\\\/\\\/travel-network.co\\\/pl\\\/#\\\/schema\\\/logo\\\/image\\\/\",\"url\":\"https:\\\/\\\/travel-network.co\\\/wp-content\\\/uploads\\\/2015\\\/03\\\/google-logo.gif\",\"contentUrl\":\"https:\\\/\\\/travel-network.co\\\/wp-content\\\/uploads\\\/2015\\\/03\\\/google-logo.gif\",\"width\":500,\"height\":500,\"caption\":\"Travel Network\"},\"image\":{\"@id\":\"https:\\\/\\\/travel-network.co\\\/pl\\\/#\\\/schema\\\/logo\\\/image\\\/\"},\"sameAs\":[\"http:\\\/\\\/facebook.com\\\/travel.au\",\"https:\\\/\\\/x.com\\\/travelnetworkau\",\"https:\\\/\\\/instagram.com\\\/travelnetworkau\\\/\",\"https:\\\/\\\/www.linkedin.com\\\/company\\\/3374753\",\"https:\\\/\\\/www.pinterest.com\\\/travelnetwork\\\/\",\"http:\\\/\\\/www.youtube.com\\\/user\\\/TravelNetworkAUS\"]},{\"@type\":\"Person\",\"@id\":\"https:\\\/\\\/travel-network.co\\\/pl\\\/#\\\/schema\\\/person\\\/19551c51a6c33c56e5d2a100d3616edd\",\"name\":\"David Iwanow\",\"image\":{\"@type\":\"ImageObject\",\"inLanguage\":\"pl-PL\",\"@id\":\"https:\\\/\\\/secure.gravatar.com\\\/avatar\\\/f38ec72b6d7d4614887011c30f0781b8f520d7b8bd0d366318bd201dc529027b?s=96&d=retro&r=g\",\"url\":\"https:\\\/\\\/secure.gravatar.com\\\/avatar\\\/f38ec72b6d7d4614887011c30f0781b8f520d7b8bd0d366318bd201dc529027b?s=96&d=retro&r=g\",\"contentUrl\":\"https:\\\/\\\/secure.gravatar.com\\\/avatar\\\/f38ec72b6d7d4614887011c30f0781b8f520d7b8bd0d366318bd201dc529027b?s=96&d=retro&r=g\",\"caption\":\"David Iwanow\"},\"description\":\"I have been travelling around the world since I was young and travel is in my blood. I've travelled to almost 40 countries around the world and can now be found based in Amsterdam, The Netherlands. I've visited over 8,100 places with 16,236 checkins on Foursquare\\\/Swarm and I'm a level 10 Google Local Guide with 911 reviews and having posted 18,571 photos which have been viewed 195 million times.\",\"sameAs\":[\"https:\\\/\\\/www.facebook.com\\\/DavidIwanow\\\/\",\"https:\\\/\\\/x.com\\\/davidiwanow\"],\"url\":\"https:\\\/\\\/travel-network.co\\\/pl\\\/author\\\/travelnetco\\\/\"}]}<\/script>\n<!-- \/ Yoast SEO plugin. -->","yoast_head_json":{"title":"Parady Z okazji Dnia \u015awi\u0119tego Patryka odwo\u0142ane z powodu coronavirus - Travel Network","robots":{"index":"index","follow":"follow","max-snippet":"max-snippet:-1","max-image-preview":"max-image-preview:large","max-video-preview":"max-video-preview:-1"},"canonical":"https:\/\/travel-network.co\/pl\/parady-z-okazji-dnia-swietego-patryka-odwolane-z-powodu-coronavirus\/","og_locale":"pl_PL","og_type":"article","og_title":"Parady Z okazji Dnia \u015awi\u0119tego Patryka odwo\u0142ane z powodu coronavirus - Travel Network","og_description":"Wydaje si\u0119, St Patrick&#8217;s Day parady zar\u00f3wno w Irlandii P\u00f3\u0142nocnej i Republice Irlandii nie b\u0119dzie i\u015b\u0107 do przodu. W poniedzia\u0142ek, [&hellip;]","og_url":"https:\/\/travel-network.co\/pl\/parady-z-okazji-dnia-swietego-patryka-odwolane-z-powodu-coronavirus\/","og_site_name":"Travel Network","article_publisher":"http:\/\/facebook.com\/travel.au","article_author":"https:\/\/www.facebook.com\/DavidIwanow\/","article_published_time":"2020-03-10T22:48:01+00:00","article_modified_time":"2020-03-10T22:48:37+00:00","og_image":[{"width":1350,"height":1000,"url":"https:\/\/travel-network.co\/wp-content\/uploads\/2020\/03\/st-patricks-day-festival-cancelled.jpg","type":"image\/jpeg"}],"author":"David Iwanow","twitter_card":"summary_large_image","twitter_creator":"@davidiwanow","twitter_site":"@travelnetworkau","twitter_misc":{"Napisane przez":"David Iwanow","Szacowany czas czytania":"1 minuta"},"schema":{"@context":"https:\/\/schema.org","@graph":[{"@type":"Article","@id":"https:\/\/travel-network.co\/pl\/parady-z-okazji-dnia-swietego-patryka-odwolane-z-powodu-coronavirus\/#article","isPartOf":{"@id":"https:\/\/travel-network.co\/pl\/parady-z-okazji-dnia-swietego-patryka-odwolane-z-powodu-coronavirus\/"},"author":{"name":"David Iwanow","@id":"https:\/\/travel-network.co\/pl\/#\/schema\/person\/19551c51a6c33c56e5d2a100d3616edd"},"headline":"Parady Z okazji Dnia \u015awi\u0119tego Patryka odwo\u0142ane z powodu coronavirus","datePublished":"2020-03-10T22:48:01+00:00","dateModified":"2020-03-10T22:48:37+00:00","mainEntityOfPage":{"@id":"https:\/\/travel-network.co\/pl\/parady-z-okazji-dnia-swietego-patryka-odwolane-z-powodu-coronavirus\/"},"wordCount":258,"commentCount":0,"publisher":{"@id":"https:\/\/travel-network.co\/pl\/#organization"},"image":{"@id":"https:\/\/travel-network.co\/pl\/parady-z-okazji-dnia-swietego-patryka-odwolane-z-powodu-coronavirus\/#primaryimage"},"thumbnailUrl":"https:\/\/travel-network.co\/wp-content\/uploads\/2020\/03\/st-patricks-day-festival-cancelled.jpg","articleSection":["wiadomo\u015bci o podr\u00f3\u017cy"],"inLanguage":"pl-PL","potentialAction":[{"@type":"CommentAction","name":"Comment","target":["https:\/\/travel-network.co\/pl\/parady-z-okazji-dnia-swietego-patryka-odwolane-z-powodu-coronavirus\/#respond"]}]},{"@type":"WebPage","@id":"https:\/\/travel-network.co\/pl\/parady-z-okazji-dnia-swietego-patryka-odwolane-z-powodu-coronavirus\/","url":"https:\/\/travel-network.co\/pl\/parady-z-okazji-dnia-swietego-patryka-odwolane-z-powodu-coronavirus\/","name":"Parady Z okazji Dnia \u015awi\u0119tego Patryka odwo\u0142ane z powodu coronavirus - Travel Network","isPartOf":{"@id":"https:\/\/travel-network.co\/pl\/#website"},"primaryImageOfPage":{"@id":"https:\/\/travel-network.co\/pl\/parady-z-okazji-dnia-swietego-patryka-odwolane-z-powodu-coronavirus\/#primaryimage"},"image":{"@id":"https:\/\/travel-network.co\/pl\/parady-z-okazji-dnia-swietego-patryka-odwolane-z-powodu-coronavirus\/#primaryimage"},"thumbnailUrl":"https:\/\/travel-network.co\/wp-content\/uploads\/2020\/03\/st-patricks-day-festival-cancelled.jpg","datePublished":"2020-03-10T22:48:01+00:00","dateModified":"2020-03-10T22:48:37+00:00","breadcrumb":{"@id":"https:\/\/travel-network.co\/pl\/parady-z-okazji-dnia-swietego-patryka-odwolane-z-powodu-coronavirus\/#breadcrumb"},"inLanguage":"pl-PL","potentialAction":[{"@type":"ReadAction","target":["https:\/\/travel-network.co\/pl\/parady-z-okazji-dnia-swietego-patryka-odwolane-z-powodu-coronavirus\/"]}]},{"@type":"ImageObject","inLanguage":"pl-PL","@id":"https:\/\/travel-network.co\/pl\/parady-z-okazji-dnia-swietego-patryka-odwolane-z-powodu-coronavirus\/#primaryimage","url":"https:\/\/travel-network.co\/wp-content\/uploads\/2020\/03\/st-patricks-day-festival-cancelled.jpg","contentUrl":"https:\/\/travel-network.co\/wp-content\/uploads\/2020\/03\/st-patricks-day-festival-cancelled.jpg","width":1350,"height":1000,"caption":"St Patrick's Day 2020 cancelled"},{"@type":"BreadcrumbList","@id":"https:\/\/travel-network.co\/pl\/parady-z-okazji-dnia-swietego-patryka-odwolane-z-powodu-coronavirus\/#breadcrumb","itemListElement":[{"@type":"ListItem","position":1,"name":"Home","item":"https:\/\/travel-network.co\/pl\/"},{"@type":"ListItem","position":2,"name":"Parady Z okazji Dnia \u015awi\u0119tego Patryka odwo\u0142ane z powodu coronavirus"}]},{"@type":"WebSite","@id":"https:\/\/travel-network.co\/pl\/#website","url":"https:\/\/travel-network.co\/pl\/","name":"Travel Network","description":"Travel advice, reviews, news and deals no matter if you are travelling by Land, Water or Air","publisher":{"@id":"https:\/\/travel-network.co\/pl\/#organization"},"potentialAction":[{"@type":"SearchAction","target":{"@type":"EntryPoint","urlTemplate":"https:\/\/travel-network.co\/pl\/?s={search_term_string}"},"query-input":{"@type":"PropertyValueSpecification","valueRequired":true,"valueName":"search_term_string"}}],"inLanguage":"pl-PL"},{"@type":"Organization","@id":"https:\/\/travel-network.co\/pl\/#organization","name":"Travel Network","url":"https:\/\/travel-network.co\/pl\/","logo":{"@type":"ImageObject","inLanguage":"pl-PL","@id":"https:\/\/travel-network.co\/pl\/#\/schema\/logo\/image\/","url":"https:\/\/travel-network.co\/wp-content\/uploads\/2015\/03\/google-logo.gif","contentUrl":"https:\/\/travel-network.co\/wp-content\/uploads\/2015\/03\/google-logo.gif","width":500,"height":500,"caption":"Travel Network"},"image":{"@id":"https:\/\/travel-network.co\/pl\/#\/schema\/logo\/image\/"},"sameAs":["http:\/\/facebook.com\/travel.au","https:\/\/x.com\/travelnetworkau","https:\/\/instagram.com\/travelnetworkau\/","https:\/\/www.linkedin.com\/company\/3374753","https:\/\/www.pinterest.com\/travelnetwork\/","http:\/\/www.youtube.com\/user\/TravelNetworkAUS"]},{"@type":"Person","@id":"https:\/\/travel-network.co\/pl\/#\/schema\/person\/19551c51a6c33c56e5d2a100d3616edd","name":"David Iwanow","image":{"@type":"ImageObject","inLanguage":"pl-PL","@id":"https:\/\/secure.gravatar.com\/avatar\/f38ec72b6d7d4614887011c30f0781b8f520d7b8bd0d366318bd201dc529027b?s=96&d=retro&r=g","url":"https:\/\/secure.gravatar.com\/avatar\/f38ec72b6d7d4614887011c30f0781b8f520d7b8bd0d366318bd201dc529027b?s=96&d=retro&r=g","contentUrl":"https:\/\/secure.gravatar.com\/avatar\/f38ec72b6d7d4614887011c30f0781b8f520d7b8bd0d366318bd201dc529027b?s=96&d=retro&r=g","caption":"David Iwanow"},"description":"I have been travelling around the world since I was young and travel is in my blood. I've travelled to almost 40 countries around the world and can now be found based in Amsterdam, The Netherlands. I've visited over 8,100 places with 16,236 checkins on Foursquare\/Swarm and I'm a level 10 Google Local Guide with 911 reviews and having posted 18,571 photos which have been viewed 195 million times.","sameAs":["https:\/\/www.facebook.com\/DavidIwanow\/","https:\/\/x.com\/davidiwanow"],"url":"https:\/\/travel-network.co\/pl\/author\/travelnetco\/"}]}},"_links":{"self":[{"href":"https:\/\/travel-network.co\/pl\/wp-json\/wp\/v2\/posts\/24969","targetHints":{"allow":["GET"]}}],"collection":[{"href":"https:\/\/travel-network.co\/pl\/wp-json\/wp\/v2\/posts"}],"about":[{"href":"https:\/\/travel-network.co\/pl\/wp-json\/wp\/v2\/types\/post"}],"author":[{"embeddable":true,"href":"https:\/\/travel-network.co\/pl\/wp-json\/wp\/v2\/users\/2"}],"replies":[{"embeddable":true,"href":"https:\/\/travel-network.co\/pl\/wp-json\/wp\/v2\/comments?post=24969"}],"version-history":[{"count":0,"href":"https:\/\/travel-network.co\/pl\/wp-json\/wp\/v2\/posts\/24969\/revisions"}],"wp:featuredmedia":[{"embeddable":true,"href":"https:\/\/travel-network.co\/pl\/wp-json\/wp\/v2\/media\/24945"}],"wp:attachment":[{"href":"https:\/\/travel-network.co\/pl\/wp-json\/wp\/v2\/media?parent=24969"}],"wp:term":[{"taxonomy":"category","embeddable":true,"href":"https:\/\/travel-network.co\/pl\/wp-json\/wp\/v2\/categories?post=24969"},{"taxonomy":"post_tag","embeddable":true,"href":"https:\/\/travel-network.co\/pl\/wp-json\/wp\/v2\/tags?post=24969"}],"curies":[{"name":"wp","href":"https:\/\/api.w.org\/{rel}","templated":true}]}}