{"id":27585,"date":"2020-09-16T12:45:10","date_gmt":"2020-09-16T12:45:10","guid":{"rendered":"https:\/\/travel-network.co\/?p=27585"},"modified":"2020-09-27T13:35:50","modified_gmt":"2020-09-27T13:35:50","slug":"klm-wymaga-noszenia-masek-do-twarzy","status":"publish","type":"post","link":"https:\/\/travel-network.co\/pl\/klm-wymaga-noszenia-masek-do-twarzy\/","title":{"rendered":"KLM wymaga noszenia masek do twarzy"},"content":{"rendered":"\n<p>KLM zrobi\u0142 w\u0142a\u015bciwy krok w celu ochrony swoich pasa\u017cer\u00f3w i spowolnienia rozprzestrzeniania si\u0119 Coronavirusa, og\u0142aszaj\u0105c, \u017ce wymaga od wszystkich pasa\u017cer\u00f3w i za\u0142ogi noszenia ochrony twarzy. KLM dostosowa\u0142 si\u0119 do partner\u00f3w sojuszu SkyTeam, takich jak Delta Air Lines, kt\u00f3ry wymaga od wszystkich pasa\u017cer\u00f3w w wieku powy\u017cej 2 lat noszenia ochrony twarzy podczas lotu.<\/p>\n\n\n\n<p>KLM nie jest tak rygorystyczny jak Delta Air Lines, poniewa\u017c pasa\u017cerowie poni\u017cej 10 roku \u017cycia nie musz\u0105 nosi\u0107 maski twarzowej (czapki ustnej\/maski ustnej) i nie wspomnieli o zakazie noszenia masek zaworowych, jak to mia\u0142o miejsce w przypadku Delta Air Lines.<\/p>\n\n\n\n<p>KLM powiedzia\u0142, \u017ce pasa\u017cerowie, kt\u00f3rzy nie nosz\u0105 odpowiedniej ochrony twarzy mo\u017ce odm\u00f3wi\u0107 wej\u015bcia na pok\u0142ad przy bramce, noszona maska musi by\u0107 wystarczaj\u0105co du\u017ca, aby zakry\u0107 ca\u0142y nos i usta.<\/p>\n\n\n\n<p>Po 21 wrze\u015bnia 2020 r. ci, kt\u00f3rzy nie mog\u0105 nosi\u0107 maski z powod\u00f3w medycznych, musz\u0105 przedstawi\u0107 za\u015bwiadczenie lekarskie w j\u0119zyku angielskim lub holenderskim oraz negatywny wynik testu PCR.<\/p>\n\n\n\n<p>\u0179r\u00f3d\u0142o: https:\/\/news.klm.com\/klm-requires-passengers-to-wear-face-masks\/<\/p>\n","protected":false},"excerpt":{"rendered":"<p>KLM zrobi\u0142 w\u0142a\u015bciwy krok w celu ochrony swoich pasa\u017cer\u00f3w i spowolnienia rozprzestrzeniania si\u0119 Coronavirusa, og\u0142aszaj\u0105c, \u017ce wymaga od wszystkich pasa\u017cer\u00f3w [&hellip;]<\/p>\n","protected":false},"author":2,"featured_media":27564,"comment_status":"open","ping_status":"closed","sticky":false,"template":"","format":"standard","meta":{"footnotes":""},"categories":[776],"tags":[],"class_list":["post-27585","post","type-post","status-publish","format-standard","has-post-thumbnail","hentry","category-wiadomosci-o-podrozy"],"yoast_head":"<!-- This site is optimized with the Yoast SEO plugin v27.4 - https:\/\/yoast.com\/product\/yoast-seo-wordpress\/ -->\n<title>KLM wymaga noszenia masek do twarzy - Travel Network<\/title>\n<meta name=\"robots\" content=\"index, follow, max-snippet:-1, max-image-preview:large, max-video-preview:-1\" \/>\n<link rel=\"canonical\" href=\"https:\/\/travel-network.co\/pl\/klm-wymaga-noszenia-masek-do-twarzy\/\" \/>\n<meta property=\"og:locale\" content=\"pl_PL\" \/>\n<meta property=\"og:type\" content=\"article\" \/>\n<meta property=\"og:title\" content=\"KLM wymaga noszenia masek do twarzy - Travel Network\" \/>\n<meta property=\"og:description\" content=\"KLM zrobi\u0142 w\u0142a\u015bciwy krok w celu ochrony swoich pasa\u017cer\u00f3w i spowolnienia rozprzestrzeniania si\u0119 Coronavirusa, og\u0142aszaj\u0105c, \u017ce wymaga od wszystkich pasa\u017cer\u00f3w [&hellip;]\" \/>\n<meta property=\"og:url\" content=\"https:\/\/travel-network.co\/pl\/klm-wymaga-noszenia-masek-do-twarzy\/\" \/>\n<meta property=\"og:site_name\" content=\"Travel Network\" \/>\n<meta property=\"article:publisher\" content=\"http:\/\/facebook.com\/travel.au\" \/>\n<meta property=\"article:author\" content=\"https:\/\/www.facebook.com\/DavidIwanow\/\" \/>\n<meta property=\"article:published_time\" content=\"2020-09-16T12:45:10+00:00\" \/>\n<meta property=\"article:modified_time\" content=\"2020-09-27T13:35:50+00:00\" \/>\n<meta property=\"og:image\" content=\"https:\/\/travel-network.co\/wp-content\/uploads\/2020\/09\/klm-requires-face-mask.jpg\" \/>\n\t<meta property=\"og:image:width\" content=\"1200\" \/>\n\t<meta property=\"og:image:height\" content=\"1200\" \/>\n\t<meta property=\"og:image:type\" content=\"image\/jpeg\" \/>\n<meta name=\"author\" content=\"David Iwanow\" \/>\n<meta name=\"twitter:card\" content=\"summary_large_image\" \/>\n<meta name=\"twitter:creator\" content=\"@davidiwanow\" \/>\n<meta name=\"twitter:site\" content=\"@travelnetworkau\" \/>\n<meta name=\"twitter:label1\" content=\"Napisane przez\" \/>\n\t<meta name=\"twitter:data1\" content=\"David Iwanow\" \/>\n\t<meta name=\"twitter:label2\" content=\"Szacowany czas czytania\" \/>\n\t<meta name=\"twitter:data2\" content=\"1 minuta\" \/>\n<script type=\"application\/ld+json\" class=\"yoast-schema-graph\">{\"@context\":\"https:\\\/\\\/schema.org\",\"@graph\":[{\"@type\":\"Article\",\"@id\":\"https:\\\/\\\/travel-network.co\\\/pl\\\/klm-wymaga-noszenia-masek-do-twarzy\\\/#article\",\"isPartOf\":{\"@id\":\"https:\\\/\\\/travel-network.co\\\/pl\\\/klm-wymaga-noszenia-masek-do-twarzy\\\/\"},\"author\":{\"name\":\"David Iwanow\",\"@id\":\"https:\\\/\\\/travel-network.co\\\/pl\\\/#\\\/schema\\\/person\\\/19551c51a6c33c56e5d2a100d3616edd\"},\"headline\":\"KLM wymaga noszenia masek do twarzy\",\"datePublished\":\"2020-09-16T12:45:10+00:00\",\"dateModified\":\"2020-09-27T13:35:50+00:00\",\"mainEntityOfPage\":{\"@id\":\"https:\\\/\\\/travel-network.co\\\/pl\\\/klm-wymaga-noszenia-masek-do-twarzy\\\/\"},\"wordCount\":191,\"commentCount\":0,\"publisher\":{\"@id\":\"https:\\\/\\\/travel-network.co\\\/pl\\\/#organization\"},\"image\":{\"@id\":\"https:\\\/\\\/travel-network.co\\\/pl\\\/klm-wymaga-noszenia-masek-do-twarzy\\\/#primaryimage\"},\"thumbnailUrl\":\"https:\\\/\\\/travel-network.co\\\/wp-content\\\/uploads\\\/2020\\\/09\\\/klm-requires-face-mask.jpg\",\"articleSection\":[\"wiadomo\u015bci o podr\u00f3\u017cy\"],\"inLanguage\":\"pl-PL\",\"potentialAction\":[{\"@type\":\"CommentAction\",\"name\":\"Comment\",\"target\":[\"https:\\\/\\\/travel-network.co\\\/pl\\\/klm-wymaga-noszenia-masek-do-twarzy\\\/#respond\"]}]},{\"@type\":\"WebPage\",\"@id\":\"https:\\\/\\\/travel-network.co\\\/pl\\\/klm-wymaga-noszenia-masek-do-twarzy\\\/\",\"url\":\"https:\\\/\\\/travel-network.co\\\/pl\\\/klm-wymaga-noszenia-masek-do-twarzy\\\/\",\"name\":\"KLM wymaga noszenia masek do twarzy - Travel Network\",\"isPartOf\":{\"@id\":\"https:\\\/\\\/travel-network.co\\\/pl\\\/#website\"},\"primaryImageOfPage\":{\"@id\":\"https:\\\/\\\/travel-network.co\\\/pl\\\/klm-wymaga-noszenia-masek-do-twarzy\\\/#primaryimage\"},\"image\":{\"@id\":\"https:\\\/\\\/travel-network.co\\\/pl\\\/klm-wymaga-noszenia-masek-do-twarzy\\\/#primaryimage\"},\"thumbnailUrl\":\"https:\\\/\\\/travel-network.co\\\/wp-content\\\/uploads\\\/2020\\\/09\\\/klm-requires-face-mask.jpg\",\"datePublished\":\"2020-09-16T12:45:10+00:00\",\"dateModified\":\"2020-09-27T13:35:50+00:00\",\"breadcrumb\":{\"@id\":\"https:\\\/\\\/travel-network.co\\\/pl\\\/klm-wymaga-noszenia-masek-do-twarzy\\\/#breadcrumb\"},\"inLanguage\":\"pl-PL\",\"potentialAction\":[{\"@type\":\"ReadAction\",\"target\":[\"https:\\\/\\\/travel-network.co\\\/pl\\\/klm-wymaga-noszenia-masek-do-twarzy\\\/\"]}]},{\"@type\":\"ImageObject\",\"inLanguage\":\"pl-PL\",\"@id\":\"https:\\\/\\\/travel-network.co\\\/pl\\\/klm-wymaga-noszenia-masek-do-twarzy\\\/#primaryimage\",\"url\":\"https:\\\/\\\/travel-network.co\\\/wp-content\\\/uploads\\\/2020\\\/09\\\/klm-requires-face-mask.jpg\",\"contentUrl\":\"https:\\\/\\\/travel-network.co\\\/wp-content\\\/uploads\\\/2020\\\/09\\\/klm-requires-face-mask.jpg\",\"width\":1200,\"height\":1200,\"caption\":\"KLM requires passengers to wear face masks\"},{\"@type\":\"BreadcrumbList\",\"@id\":\"https:\\\/\\\/travel-network.co\\\/pl\\\/klm-wymaga-noszenia-masek-do-twarzy\\\/#breadcrumb\",\"itemListElement\":[{\"@type\":\"ListItem\",\"position\":1,\"name\":\"Home\",\"item\":\"https:\\\/\\\/travel-network.co\\\/pl\\\/\"},{\"@type\":\"ListItem\",\"position\":2,\"name\":\"KLM wymaga noszenia masek do twarzy\"}]},{\"@type\":\"WebSite\",\"@id\":\"https:\\\/\\\/travel-network.co\\\/pl\\\/#website\",\"url\":\"https:\\\/\\\/travel-network.co\\\/pl\\\/\",\"name\":\"Travel Network\",\"description\":\"Travel advice, reviews, news and deals no matter if you are travelling by Land, Water or Air\",\"publisher\":{\"@id\":\"https:\\\/\\\/travel-network.co\\\/pl\\\/#organization\"},\"potentialAction\":[{\"@type\":\"SearchAction\",\"target\":{\"@type\":\"EntryPoint\",\"urlTemplate\":\"https:\\\/\\\/travel-network.co\\\/pl\\\/?s={search_term_string}\"},\"query-input\":{\"@type\":\"PropertyValueSpecification\",\"valueRequired\":true,\"valueName\":\"search_term_string\"}}],\"inLanguage\":\"pl-PL\"},{\"@type\":\"Organization\",\"@id\":\"https:\\\/\\\/travel-network.co\\\/pl\\\/#organization\",\"name\":\"Travel Network\",\"url\":\"https:\\\/\\\/travel-network.co\\\/pl\\\/\",\"logo\":{\"@type\":\"ImageObject\",\"inLanguage\":\"pl-PL\",\"@id\":\"https:\\\/\\\/travel-network.co\\\/pl\\\/#\\\/schema\\\/logo\\\/image\\\/\",\"url\":\"https:\\\/\\\/travel-network.co\\\/wp-content\\\/uploads\\\/2015\\\/03\\\/google-logo.gif\",\"contentUrl\":\"https:\\\/\\\/travel-network.co\\\/wp-content\\\/uploads\\\/2015\\\/03\\\/google-logo.gif\",\"width\":500,\"height\":500,\"caption\":\"Travel Network\"},\"image\":{\"@id\":\"https:\\\/\\\/travel-network.co\\\/pl\\\/#\\\/schema\\\/logo\\\/image\\\/\"},\"sameAs\":[\"http:\\\/\\\/facebook.com\\\/travel.au\",\"https:\\\/\\\/x.com\\\/travelnetworkau\",\"https:\\\/\\\/instagram.com\\\/travelnetworkau\\\/\",\"https:\\\/\\\/www.linkedin.com\\\/company\\\/3374753\",\"https:\\\/\\\/www.pinterest.com\\\/travelnetwork\\\/\",\"http:\\\/\\\/www.youtube.com\\\/user\\\/TravelNetworkAUS\"]},{\"@type\":\"Person\",\"@id\":\"https:\\\/\\\/travel-network.co\\\/pl\\\/#\\\/schema\\\/person\\\/19551c51a6c33c56e5d2a100d3616edd\",\"name\":\"David Iwanow\",\"image\":{\"@type\":\"ImageObject\",\"inLanguage\":\"pl-PL\",\"@id\":\"https:\\\/\\\/secure.gravatar.com\\\/avatar\\\/f38ec72b6d7d4614887011c30f0781b8f520d7b8bd0d366318bd201dc529027b?s=96&d=retro&r=g\",\"url\":\"https:\\\/\\\/secure.gravatar.com\\\/avatar\\\/f38ec72b6d7d4614887011c30f0781b8f520d7b8bd0d366318bd201dc529027b?s=96&d=retro&r=g\",\"contentUrl\":\"https:\\\/\\\/secure.gravatar.com\\\/avatar\\\/f38ec72b6d7d4614887011c30f0781b8f520d7b8bd0d366318bd201dc529027b?s=96&d=retro&r=g\",\"caption\":\"David Iwanow\"},\"description\":\"I have been travelling around the world since I was young and travel is in my blood. I've travelled to almost 40 countries around the world and can now be found based in Amsterdam, The Netherlands. I've visited over 8,100 places with 16,236 checkins on Foursquare\\\/Swarm and I'm a level 10 Google Local Guide with 911 reviews and having posted 18,571 photos which have been viewed 195 million times.\",\"sameAs\":[\"https:\\\/\\\/www.facebook.com\\\/DavidIwanow\\\/\",\"https:\\\/\\\/x.com\\\/davidiwanow\"],\"url\":\"https:\\\/\\\/travel-network.co\\\/pl\\\/author\\\/travelnetco\\\/\"}]}<\/script>\n<!-- \/ Yoast SEO plugin. -->","yoast_head_json":{"title":"KLM wymaga noszenia masek do twarzy - Travel Network","robots":{"index":"index","follow":"follow","max-snippet":"max-snippet:-1","max-image-preview":"max-image-preview:large","max-video-preview":"max-video-preview:-1"},"canonical":"https:\/\/travel-network.co\/pl\/klm-wymaga-noszenia-masek-do-twarzy\/","og_locale":"pl_PL","og_type":"article","og_title":"KLM wymaga noszenia masek do twarzy - Travel Network","og_description":"KLM zrobi\u0142 w\u0142a\u015bciwy krok w celu ochrony swoich pasa\u017cer\u00f3w i spowolnienia rozprzestrzeniania si\u0119 Coronavirusa, og\u0142aszaj\u0105c, \u017ce wymaga od wszystkich pasa\u017cer\u00f3w [&hellip;]","og_url":"https:\/\/travel-network.co\/pl\/klm-wymaga-noszenia-masek-do-twarzy\/","og_site_name":"Travel Network","article_publisher":"http:\/\/facebook.com\/travel.au","article_author":"https:\/\/www.facebook.com\/DavidIwanow\/","article_published_time":"2020-09-16T12:45:10+00:00","article_modified_time":"2020-09-27T13:35:50+00:00","og_image":[{"width":1200,"height":1200,"url":"https:\/\/travel-network.co\/wp-content\/uploads\/2020\/09\/klm-requires-face-mask.jpg","type":"image\/jpeg"}],"author":"David Iwanow","twitter_card":"summary_large_image","twitter_creator":"@davidiwanow","twitter_site":"@travelnetworkau","twitter_misc":{"Napisane przez":"David Iwanow","Szacowany czas czytania":"1 minuta"},"schema":{"@context":"https:\/\/schema.org","@graph":[{"@type":"Article","@id":"https:\/\/travel-network.co\/pl\/klm-wymaga-noszenia-masek-do-twarzy\/#article","isPartOf":{"@id":"https:\/\/travel-network.co\/pl\/klm-wymaga-noszenia-masek-do-twarzy\/"},"author":{"name":"David Iwanow","@id":"https:\/\/travel-network.co\/pl\/#\/schema\/person\/19551c51a6c33c56e5d2a100d3616edd"},"headline":"KLM wymaga noszenia masek do twarzy","datePublished":"2020-09-16T12:45:10+00:00","dateModified":"2020-09-27T13:35:50+00:00","mainEntityOfPage":{"@id":"https:\/\/travel-network.co\/pl\/klm-wymaga-noszenia-masek-do-twarzy\/"},"wordCount":191,"commentCount":0,"publisher":{"@id":"https:\/\/travel-network.co\/pl\/#organization"},"image":{"@id":"https:\/\/travel-network.co\/pl\/klm-wymaga-noszenia-masek-do-twarzy\/#primaryimage"},"thumbnailUrl":"https:\/\/travel-network.co\/wp-content\/uploads\/2020\/09\/klm-requires-face-mask.jpg","articleSection":["wiadomo\u015bci o podr\u00f3\u017cy"],"inLanguage":"pl-PL","potentialAction":[{"@type":"CommentAction","name":"Comment","target":["https:\/\/travel-network.co\/pl\/klm-wymaga-noszenia-masek-do-twarzy\/#respond"]}]},{"@type":"WebPage","@id":"https:\/\/travel-network.co\/pl\/klm-wymaga-noszenia-masek-do-twarzy\/","url":"https:\/\/travel-network.co\/pl\/klm-wymaga-noszenia-masek-do-twarzy\/","name":"KLM wymaga noszenia masek do twarzy - Travel Network","isPartOf":{"@id":"https:\/\/travel-network.co\/pl\/#website"},"primaryImageOfPage":{"@id":"https:\/\/travel-network.co\/pl\/klm-wymaga-noszenia-masek-do-twarzy\/#primaryimage"},"image":{"@id":"https:\/\/travel-network.co\/pl\/klm-wymaga-noszenia-masek-do-twarzy\/#primaryimage"},"thumbnailUrl":"https:\/\/travel-network.co\/wp-content\/uploads\/2020\/09\/klm-requires-face-mask.jpg","datePublished":"2020-09-16T12:45:10+00:00","dateModified":"2020-09-27T13:35:50+00:00","breadcrumb":{"@id":"https:\/\/travel-network.co\/pl\/klm-wymaga-noszenia-masek-do-twarzy\/#breadcrumb"},"inLanguage":"pl-PL","potentialAction":[{"@type":"ReadAction","target":["https:\/\/travel-network.co\/pl\/klm-wymaga-noszenia-masek-do-twarzy\/"]}]},{"@type":"ImageObject","inLanguage":"pl-PL","@id":"https:\/\/travel-network.co\/pl\/klm-wymaga-noszenia-masek-do-twarzy\/#primaryimage","url":"https:\/\/travel-network.co\/wp-content\/uploads\/2020\/09\/klm-requires-face-mask.jpg","contentUrl":"https:\/\/travel-network.co\/wp-content\/uploads\/2020\/09\/klm-requires-face-mask.jpg","width":1200,"height":1200,"caption":"KLM requires passengers to wear face masks"},{"@type":"BreadcrumbList","@id":"https:\/\/travel-network.co\/pl\/klm-wymaga-noszenia-masek-do-twarzy\/#breadcrumb","itemListElement":[{"@type":"ListItem","position":1,"name":"Home","item":"https:\/\/travel-network.co\/pl\/"},{"@type":"ListItem","position":2,"name":"KLM wymaga noszenia masek do twarzy"}]},{"@type":"WebSite","@id":"https:\/\/travel-network.co\/pl\/#website","url":"https:\/\/travel-network.co\/pl\/","name":"Travel Network","description":"Travel advice, reviews, news and deals no matter if you are travelling by Land, Water or Air","publisher":{"@id":"https:\/\/travel-network.co\/pl\/#organization"},"potentialAction":[{"@type":"SearchAction","target":{"@type":"EntryPoint","urlTemplate":"https:\/\/travel-network.co\/pl\/?s={search_term_string}"},"query-input":{"@type":"PropertyValueSpecification","valueRequired":true,"valueName":"search_term_string"}}],"inLanguage":"pl-PL"},{"@type":"Organization","@id":"https:\/\/travel-network.co\/pl\/#organization","name":"Travel Network","url":"https:\/\/travel-network.co\/pl\/","logo":{"@type":"ImageObject","inLanguage":"pl-PL","@id":"https:\/\/travel-network.co\/pl\/#\/schema\/logo\/image\/","url":"https:\/\/travel-network.co\/wp-content\/uploads\/2015\/03\/google-logo.gif","contentUrl":"https:\/\/travel-network.co\/wp-content\/uploads\/2015\/03\/google-logo.gif","width":500,"height":500,"caption":"Travel Network"},"image":{"@id":"https:\/\/travel-network.co\/pl\/#\/schema\/logo\/image\/"},"sameAs":["http:\/\/facebook.com\/travel.au","https:\/\/x.com\/travelnetworkau","https:\/\/instagram.com\/travelnetworkau\/","https:\/\/www.linkedin.com\/company\/3374753","https:\/\/www.pinterest.com\/travelnetwork\/","http:\/\/www.youtube.com\/user\/TravelNetworkAUS"]},{"@type":"Person","@id":"https:\/\/travel-network.co\/pl\/#\/schema\/person\/19551c51a6c33c56e5d2a100d3616edd","name":"David Iwanow","image":{"@type":"ImageObject","inLanguage":"pl-PL","@id":"https:\/\/secure.gravatar.com\/avatar\/f38ec72b6d7d4614887011c30f0781b8f520d7b8bd0d366318bd201dc529027b?s=96&d=retro&r=g","url":"https:\/\/secure.gravatar.com\/avatar\/f38ec72b6d7d4614887011c30f0781b8f520d7b8bd0d366318bd201dc529027b?s=96&d=retro&r=g","contentUrl":"https:\/\/secure.gravatar.com\/avatar\/f38ec72b6d7d4614887011c30f0781b8f520d7b8bd0d366318bd201dc529027b?s=96&d=retro&r=g","caption":"David Iwanow"},"description":"I have been travelling around the world since I was young and travel is in my blood. I've travelled to almost 40 countries around the world and can now be found based in Amsterdam, The Netherlands. I've visited over 8,100 places with 16,236 checkins on Foursquare\/Swarm and I'm a level 10 Google Local Guide with 911 reviews and having posted 18,571 photos which have been viewed 195 million times.","sameAs":["https:\/\/www.facebook.com\/DavidIwanow\/","https:\/\/x.com\/davidiwanow"],"url":"https:\/\/travel-network.co\/pl\/author\/travelnetco\/"}]}},"_links":{"self":[{"href":"https:\/\/travel-network.co\/pl\/wp-json\/wp\/v2\/posts\/27585","targetHints":{"allow":["GET"]}}],"collection":[{"href":"https:\/\/travel-network.co\/pl\/wp-json\/wp\/v2\/posts"}],"about":[{"href":"https:\/\/travel-network.co\/pl\/wp-json\/wp\/v2\/types\/post"}],"author":[{"embeddable":true,"href":"https:\/\/travel-network.co\/pl\/wp-json\/wp\/v2\/users\/2"}],"replies":[{"embeddable":true,"href":"https:\/\/travel-network.co\/pl\/wp-json\/wp\/v2\/comments?post=27585"}],"version-history":[{"count":0,"href":"https:\/\/travel-network.co\/pl\/wp-json\/wp\/v2\/posts\/27585\/revisions"}],"wp:featuredmedia":[{"embeddable":true,"href":"https:\/\/travel-network.co\/pl\/wp-json\/wp\/v2\/media\/27564"}],"wp:attachment":[{"href":"https:\/\/travel-network.co\/pl\/wp-json\/wp\/v2\/media?parent=27585"}],"wp:term":[{"taxonomy":"category","embeddable":true,"href":"https:\/\/travel-network.co\/pl\/wp-json\/wp\/v2\/categories?post=27585"},{"taxonomy":"post_tag","embeddable":true,"href":"https:\/\/travel-network.co\/pl\/wp-json\/wp\/v2\/tags?post=27585"}],"curies":[{"name":"wp","href":"https:\/\/api.w.org\/{rel}","templated":true}]}}